{"id":342890,"date":"2025-08-28T14:29:36","date_gmt":"2025-08-28T14:29:36","guid":{"rendered":"https:\/\/scanda.com.mx\/?p=342890"},"modified":"2026-04-14T01:08:38","modified_gmt":"2026-04-14T01:08:38","slug":"elearning-y-lms-para-escalar-una-estrategia-de-formacion","status":"publish","type":"post","link":"https:\/\/scanda.com.mx\/en\/elearning-and-lms-to-scale-up-a-training-strategy\/","title":{"rendered":"eLearning and LMS to scale up a training strategy"},"content":{"rendered":"\n[et_pb_section fb_built=\u00bb1&#8243; admin_label=\u00bbHeader\u00bb _builder_version=\u00bb4.27.4&#8243; _module_preset=\u00bbdefault\u00bb use_background_color_gradient=\u00bbon\u00bb background_color_gradient_stops=\u00bbrgba(10,10,10,0.5) 0%|rgba(0,0,0,0.6) 100%\u00bb background_color_gradient_overlays_image=\u00bbon\u00bb background_image=\u00bbhttps:\/\/scanda.com.mx\/wp-content\/uploads\/2025\/08\/Universidad-Corporativa.webp\u00bb custom_padding=\u00bb10vw||10vw||true|false\u00bb hover_enabled=\u00bb0&#8243; collapsed=\u00bbon\u00bb global_colors_info=\u00bb{}\u00bb title_text=\u00bbUniversidad-Corporativa\u00bb sticky_enabled=\u00bb0&#8243;][et_pb_row _builder_version=\u00bb4.24.3&#8243; _module_preset=\u00bbdefault\u00bb width=\u00bb50%\u00bb width_tablet=\u00bb80%\u00bb width_phone=\u00bb80%\u00bb width_last_edited=\u00bbon|desktop\u00bb max_width=\u00bbnone\u00bb global_colors_info=\u00bb{}\u00bb][et_pb_column type=\u00bb4_4&#8243; _builder_version=\u00bb4.24.3&#8243; _module_preset=\u00bbdefault\u00bb global_colors_info=\u00bb{}\u00bb][et_pb_heading title=\u00bbUniversidad Corporativa Digital: C\u00f3mo una empresa inmobiliaria escal\u00f3 su estrategia de formaci\u00f3n con e-Learning y LMS\u00bb _builder_version=\u00bb4.27.4&#8243; _module_preset=\u00bb_initial\u00bb title_font=\u00bbInter|700||on|||||\u00bb title_text_align=\u00bbleft\u00bb title_text_color=\u00bb#FFFFFF\u00bb title_font_size=\u00bb2.6vw\u00bb title_line_height=\u00bb1.2em\u00bb custom_margin=\u00bb114px||10px||false|false\u00bb hover_enabled=\u00bb0&#8243; title_font_size_tablet=\u00bb40px\u00bb title_font_size_phone=\u00bb24px\u00bb title_font_size_last_edited=\u00bbon|desktop\u00bb global_colors_info=\u00bb{}\u00bb sticky_enabled=\u00bb0&#8243;][\/et_pb_heading][\/et_pb_column][\/et_pb_row][\/et_pb_section][et_pb_section fb_built=\u00bb1&#8243; admin_label=\u00bbVideo\u00bb _builder_version=\u00bb4.24.3&#8243; _module_preset=\u00bbdefault\u00bb collapsed=\u00bbon\u00bb global_colors_info=\u00bb{}\u00bb][et_pb_row _builder_version=\u00bb4.24.3&#8243; _module_preset=\u00bbdefault\u00bb max_width=\u00bbnone\u00bb global_colors_info=\u00bb{}\u00bb][et_pb_column type=\u00bb4_4&#8243; _builder_version=\u00bb4.24.3&#8243; _module_preset=\u00bbdefault\u00bb global_colors_info=\u00bb{}\u00bb][et_pb_heading title=\u00bbDesaf\u00edo: Consolidar una estrategia de formaci\u00f3n digital para una fuerza laboral diversa y en crecimiento\u00bb _builder_version=\u00bb4.27.4&#8243; _module_preset=\u00bb_initial\u00bb title_level=\u00bbh3&#8243; title_font=\u00bbInter|500|||||||\u00bb title_font_size=\u00bb36px\u00bb title_line_height=\u00bb1.4em\u00bb custom_margin=\u00bb||10px||false|false\u00bb title_font_size_tablet=\u00bb20px\u00bb title_font_size_phone=\u00bb16px\u00bb title_font_size_last_edited=\u00bbon|desktop\u00bb locked=\u00bboff\u00bb global_colors_info=\u00bb{}\u00bb][\/et_pb_heading][\/et_pb_column][\/et_pb_row][et_pb_row _builder_version=\u00bb4.27.4&#8243; _module_preset=\u00bbdefault\u00bb global_colors_info=\u00bb{}\u00bb][et_pb_column type=\u00bb4_4&#8243; _builder_version=\u00bb4.27.4&#8243; _module_preset=\u00bbdefault\u00bb global_colors_info=\u00bb{}\u00bb][et_pb_text _builder_version=\u00bb4.27.4&#8243; _module_preset=\u00bbdefault\u00bb text_font=\u00bbInter||||||||\u00bb text_font_size=\u00bb17px\u00bb global_colors_info=\u00bb{}\u00bb]<p>Una destacada empresa del sector inmobiliario, con un fuerte enfoque en expansi\u00f3n territorial y cultura de innovaci\u00f3n, enfrentaba un reto com\u00fan entre organizaciones en crecimiento acelerado: c\u00f3mo asegurar una experiencia de formaci\u00f3n homog\u00e9nea, escalable y centrada en el negocio para todos sus colaboradores.<\/p>\n<p>El modelo de capacitaci\u00f3n tradicional \u2014presencial, sin trazabilidad y poco estandarizado\u2014 generaba costos crecientes, resultados poco medibles y una fuerte dependencia de los equipos de RH. Adem\u00e1s, la rotaci\u00f3n de personal y la dispersi\u00f3n geogr\u00e1fica aumentaban la complejidad operativa.<\/p>\n<p>Para impulsar su desarrollo organizacional sin perder agilidad, la empresa decidi\u00f3 crear una Universidad Corporativa Digital, dise\u00f1ada para habilitar al talento humano con herramientas modernas, adaptables y centradas en el negocio.<\/p>[\/et_pb_text][\/et_pb_column][\/et_pb_row][\/et_pb_section][et_pb_section fb_built=\u00bb1&#8243; _builder_version=\u00bb4.27.4&#8243; _module_preset=\u00bbdefault\u00bb global_colors_info=\u00bb{}\u00bb][et_pb_row _builder_version=\u00bb4.27.4&#8243; _module_preset=\u00bbdefault\u00bb global_colors_info=\u00bb{}\u00bb][et_pb_column type=\u00bb4_4&#8243; _builder_version=\u00bb4.27.4&#8243; _module_preset=\u00bbdefault\u00bb global_colors_info=\u00bb{}\u00bb][et_pb_text _builder_version=\u00bb4.27.4&#8243; _module_preset=\u00bbdefault\u00bb text_font=\u00bbInter||||||||\u00bb text_font_size=\u00bb17px\u00bb header_font=\u00bbInter||||||||\u00bb custom_margin=\u00bb||||false|false\u00bb global_colors_info=\u00bb{}\u00bb]<h3>Soluci\u00f3n: eLearning a medida, plataforma LMS y estrategia de adopci\u00f3n integral<\/h3>\n<p>Desarrollamos una soluci\u00f3n completa con tres componentes clave:<\/p>\n<p>&nbsp;<\/p>\n<ul>\n<li><strong>Plataforma LMS personalizada<\/strong>, dise\u00f1ada para facilitar la gesti\u00f3n de la formaci\u00f3n, el monitoreo del avance y la entrega de contenidos adaptados por rol.<\/li>\n<li><strong>Paquete de cursos eLearning<\/strong>, con m\u00e1s de 6 horas lectivas enfocadas en cultura organizacional, procesos clave, habilidades de liderazgo y herramientas digitales, desarrolladas bajo metodolog\u00edas de microlearning y dise\u00f1o instruccional.<\/li>\n<li><strong>Plan de adopci\u00f3n para la Universidad Corporativa<\/strong>, que incluy\u00f3 m\u00e1s de 25 piezas de comunicaci\u00f3n digital, campa\u00f1as internas y tutoriales para asegurar el uso efectivo de la plataforma desde el d\u00eda uno.<\/li>\n<\/ul>\n<p>El LMS fue configurado con reportes autom\u00e1ticos, acceso multidispositivo, y dashboards que permitieron a los l\u00edderes visualizar el progreso de sus equipos, identificar brechas y promover un aprendizaje continuo y accionable.<\/p>\n<p>&nbsp;<\/p>[\/et_pb_text][et_pb_text _builder_version=\u00bb4.27.4&#8243; _module_preset=\u00bbdefault\u00bb text_font=\u00bbInter||||||||\u00bb text_font_size=\u00bb17px\u00bb header_font=\u00bbInter||||||||\u00bb custom_margin=\u00bb||||false|false\u00bb global_colors_info=\u00bb{}\u00bb]<h3>Resultados: Formaci\u00f3n centralizada, experiencia homog\u00e9nea y trazabilidad completa<\/h3>\n<p>La Universidad Corporativa Digital transform\u00f3 radicalmente la forma en que la empresa gestiona el desarrollo de su capital humano:<\/p>\n<ul>\n<li>Reducci\u00f3n del <strong>60% en tiempos de inducci\u00f3n <\/strong>y habilitaci\u00f3n operativa de nuevos colaboradores.<\/li>\n<li><strong>Acceso 24\/7<\/strong> a contenidos de valor desde cualquier dispositivo y ubicaci\u00f3n.<\/li>\n<li><strong>Automatizaci\u00f3n del seguimiento<\/strong>, con dashboards para l\u00edderes de RH y operaci\u00f3n.<\/li>\n<li><strong>Mejora en la satisfacci\u00f3n interna<\/strong>, gracias a la disponibilidad, claridad y relevancia de los contenidos.<\/li>\n<\/ul>\n<p>El equipo de RH report\u00f3 una disminuci\u00f3n del 40% en consultas operativas derivadas de desconocimiento de procesos, y un incremento significativo en la adopci\u00f3n de herramientas digitales por parte del personal de campo.<\/p>[\/et_pb_text][\/et_pb_column][\/et_pb_row][\/et_pb_section][et_pb_section fb_built=\u00bb1&#8243; _builder_version=\u00bb4.27.4&#8243; _module_preset=\u00bbdefault\u00bb global_colors_info=\u00bb{}\u00bb][et_pb_row _builder_version=\u00bb4.27.4&#8243; _module_preset=\u00bbdefault\u00bb global_colors_info=\u00bb{}\u00bb][et_pb_column type=\u00bb4_4&#8243; _builder_version=\u00bb4.27.4&#8243; _module_preset=\u00bbdefault\u00bb global_colors_info=\u00bb{}\u00bb][et_pb_slider show_arrows=\u00bboff\u00bb show_pagination=\u00bboff\u00bb _builder_version=\u00bb4.27.4&#8243; _module_preset=\u00bbdefault\u00bb header_font=\u00bbInter||||||||\u00bb body_font=\u00bbInter||||||||\u00bb global_colors_info=\u00bb{}\u00bb][et_pb_slide heading=\u00bbTestimonio\u00bb _builder_version=\u00bb4.27.4&#8243; _module_preset=\u00bbdefault\u00bb header_level=\u00bbh4&#8243; header_font=\u00bbInter|700|||||||\u00bb header_font_size=\u00bb42px\u00bb header_letter_spacing=\u00bb2px\u00bb header_line_height=\u00bb1.7em\u00bb body_font=\u00bbInter||||||||\u00bb body_text_align=\u00bbjustify\u00bb body_font_size=\u00bb22px\u00bb background_color=\u00bbgcid-06bbf525-deec-47ef-85ed-83522196ae30&#8243; background_enable_color=\u00bbon\u00bb custom_padding=\u00bb30px||50px||false|false\u00bb global_colors_info=\u00bb{%22gcid-06bbf525-deec-47ef-85ed-83522196ae30%22:%91%22background_color%22%93}\u00bb sticky_transition=\u00bbon\u00bb]\u201cNuestra Universidad Corporativa no solo nos ayud\u00f3 a capacitar mejor. Nos permiti\u00f3 acompa\u00f1ar el crecimiento del negocio con personas m\u00e1s preparadas, procesos m\u00e1s claros y decisiones basadas en datos. Hoy aprendemos, medimos y mejoramos constantemente.\u201d\n\n<em>\u2014 Gerente de Talento y Cultura<\/em>[\/et_pb_slide][\/et_pb_slider][\/et_pb_column][\/et_pb_row][\/et_pb_section][et_pb_section fb_built=\u00bb1&#8243; fullwidth=\u00bbon\u00bb _builder_version=\u00bb4.27.4&#8243; _module_preset=\u00bbdefault\u00bb global_colors_info=\u00bb{}\u00bb][et_pb_fullwidth_header title=\u00bb\u00bfTu empresa enfrenta desaf\u00edos similares de crecimiento?\u00bb subhead=\u00bbHabla con nuestros expertos para comenzar a crecer tu estrategia de aprendizaje\u00bb button_one_text=\u00bbHAZ CLIC AQU\u00cd\u00bb button_one_url=\u00bbhttp:\/\/scanda.com.mx\/contacto\u00bb _builder_version=\u00bb4.27.4&#8243; _module_preset=\u00bbdefault\u00bb title_level=\u00bbh3&#8243; title_font=\u00bbInter||||||||\u00bb title_font_size=\u00bb29px\u00bb content_font=\u00bbInter||||||||\u00bb content_font_size=\u00bb19px\u00bb subhead_font=\u00bbInter||||||||\u00bb subhead_font_size=\u00bb19px\u00bb background_enable_color=\u00bboff\u00bb background_image=\u00bbhttp:\/\/scanda.com.mx\/wp-content\/uploads\/2025\/08\/Whitepaper_FInanciero-Img2.webp\u00bb custom_button_one=\u00bbon\u00bb hover_enabled=\u00bb0&#8243; global_colors_info=\u00bb{}\u00bb button_one_text_color=\u00bb#000000&#8243; button_one_text_size=\u00bb14px\u00bb button_one_bg_color=\u00bb#FFFFFF\u00bb button_one_bg_enable_color=\u00bbon\u00bb button_one_border_radius=\u00bb36px\u00bb button_one_font=\u00bbInter||||||||\u00bb sticky_enabled=\u00bb0&#8243;][\/et_pb_fullwidth_header][\/et_pb_section]\n","protected":false},"excerpt":{"rendered":"<p>Una destacada empresa del sector inmobiliario, con un fuerte enfoque en expansi\u00f3n territorial y cultura de innovaci\u00f3n, enfrentaba un reto com\u00fan entre organizaciones en crecimiento acelerado: c\u00f3mo asegurar una experiencia de formaci\u00f3n homog\u00e9nea, escalable y centrada en el negocio para todos sus colaboradores. El modelo de capacitaci\u00f3n tradicional \u2014presencial, sin trazabilidad y poco estandarizado\u2014 generaba [&hellip;]<\/p>\n","protected":false},"author":4,"featured_media":343031,"comment_status":"closed","ping_status":"open","sticky":false,"template":"","format":"standard","meta":{"_et_pb_use_builder":"on","_et_pb_old_content":"","_et_gb_content_width":"1080","content-type":"","footnotes":""},"categories":[17],"tags":[],"class_list":["post-342890","post","type-post","status-publish","format-standard","has-post-thumbnail","hentry","category-casos-de-exito"],"yoast_head":"<!-- This site is optimized with the Yoast SEO plugin v27.5 - https:\/\/yoast.com\/product\/yoast-seo-wordpress\/ -->\n<title>eLearning y LMS para escalar una estrategia de formaci\u00f3n - Scanda<\/title>\n<meta name=\"robots\" content=\"index, follow, max-snippet:-1, max-image-preview:large, max-video-preview:-1\" \/>\n<link rel=\"canonical\" href=\"https:\/\/scanda.com.mx\/en\/elearning-and-lms-to-scale-up-a-training-strategy\/\" \/>\n<meta property=\"og:locale\" content=\"en_US\" \/>\n<meta property=\"og:type\" content=\"article\" \/>\n<meta property=\"og:title\" content=\"eLearning y LMS para escalar una estrategia de formaci\u00f3n - Scanda\" \/>\n<meta property=\"og:description\" content=\"Una destacada empresa del sector inmobiliario, con un fuerte enfoque en expansi\u00f3n territorial y cultura de innovaci\u00f3n, enfrentaba un reto com\u00fan entre organizaciones en crecimiento acelerado: c\u00f3mo asegurar una experiencia de formaci\u00f3n homog\u00e9nea, escalable y centrada en el negocio para todos sus colaboradores. El modelo de capacitaci\u00f3n tradicional \u2014presencial, sin trazabilidad y poco estandarizado\u2014 generaba [&hellip;]\" \/>\n<meta property=\"og:url\" content=\"https:\/\/scanda.com.mx\/en\/elearning-and-lms-to-scale-up-a-training-strategy\/\" \/>\n<meta property=\"og:site_name\" content=\"Scanda\" \/>\n<meta property=\"article:published_time\" content=\"2025-08-28T14:29:36+00:00\" \/>\n<meta property=\"article:modified_time\" content=\"2026-04-14T01:08:38+00:00\" \/>\n<meta property=\"og:image\" content=\"https:\/\/scanda.com.mx\/wp-content\/uploads\/2025\/08\/Universidad-Corporativa.webp\" \/>\n\t<meta property=\"og:image:width\" content=\"1200\" \/>\n\t<meta property=\"og:image:height\" content=\"773\" \/>\n\t<meta property=\"og:image:type\" content=\"image\/webp\" \/>\n<meta name=\"author\" content=\"Brenda Mendozaa\" \/>\n<meta name=\"twitter:card\" content=\"summary_large_image\" \/>\n<meta name=\"twitter:label1\" content=\"Written by\" \/>\n\t<meta name=\"twitter:data1\" content=\"Brenda Mendozaa\" \/>\n\t<meta name=\"twitter:label2\" content=\"Est. reading time\" \/>\n\t<meta name=\"twitter:data2\" content=\"3 minutes\" \/>\n<script type=\"application\/ld+json\" class=\"yoast-schema-graph\">{\"@context\":\"https:\\\/\\\/schema.org\",\"@graph\":[{\"@type\":\"Article\",\"@id\":\"https:\\\/\\\/scanda.com.mx\\\/elearning-y-lms-para-escalar-una-estrategia-de-formacion\\\/#article\",\"isPartOf\":{\"@id\":\"https:\\\/\\\/scanda.com.mx\\\/elearning-y-lms-para-escalar-una-estrategia-de-formacion\\\/\"},\"author\":{\"name\":\"Brenda Mendozaa\",\"@id\":\"https:\\\/\\\/scanda.com.mx\\\/#\\\/schema\\\/person\\\/5de32214f1dc3d828d544f5de171f497\"},\"headline\":\"eLearning y LMS para escalar una estrategia de formaci\u00f3n\",\"datePublished\":\"2025-08-28T14:29:36+00:00\",\"dateModified\":\"2026-04-14T01:08:38+00:00\",\"mainEntityOfPage\":{\"@id\":\"https:\\\/\\\/scanda.com.mx\\\/elearning-y-lms-para-escalar-una-estrategia-de-formacion\\\/\"},\"wordCount\":1196,\"image\":{\"@id\":\"https:\\\/\\\/scanda.com.mx\\\/elearning-y-lms-para-escalar-una-estrategia-de-formacion\\\/#primaryimage\"},\"thumbnailUrl\":\"https:\\\/\\\/scanda.com.mx\\\/wp-content\\\/uploads\\\/2025\\\/08\\\/Universidad-Corporativa.webp\",\"articleSection\":[\"Casos de \u00e9xito\"],\"inLanguage\":\"en-US\"},{\"@type\":\"WebPage\",\"@id\":\"https:\\\/\\\/scanda.com.mx\\\/elearning-y-lms-para-escalar-una-estrategia-de-formacion\\\/\",\"url\":\"https:\\\/\\\/scanda.com.mx\\\/elearning-y-lms-para-escalar-una-estrategia-de-formacion\\\/\",\"name\":\"eLearning y LMS para escalar una estrategia de formaci\u00f3n - Scanda\",\"isPartOf\":{\"@id\":\"https:\\\/\\\/scanda.com.mx\\\/#website\"},\"primaryImageOfPage\":{\"@id\":\"https:\\\/\\\/scanda.com.mx\\\/elearning-y-lms-para-escalar-una-estrategia-de-formacion\\\/#primaryimage\"},\"image\":{\"@id\":\"https:\\\/\\\/scanda.com.mx\\\/elearning-y-lms-para-escalar-una-estrategia-de-formacion\\\/#primaryimage\"},\"thumbnailUrl\":\"https:\\\/\\\/scanda.com.mx\\\/wp-content\\\/uploads\\\/2025\\\/08\\\/Universidad-Corporativa.webp\",\"datePublished\":\"2025-08-28T14:29:36+00:00\",\"dateModified\":\"2026-04-14T01:08:38+00:00\",\"author\":{\"@id\":\"https:\\\/\\\/scanda.com.mx\\\/#\\\/schema\\\/person\\\/5de32214f1dc3d828d544f5de171f497\"},\"breadcrumb\":{\"@id\":\"https:\\\/\\\/scanda.com.mx\\\/elearning-y-lms-para-escalar-una-estrategia-de-formacion\\\/#breadcrumb\"},\"inLanguage\":\"en-US\",\"potentialAction\":[{\"@type\":\"ReadAction\",\"target\":[\"https:\\\/\\\/scanda.com.mx\\\/elearning-y-lms-para-escalar-una-estrategia-de-formacion\\\/\"]}]},{\"@type\":\"ImageObject\",\"inLanguage\":\"en-US\",\"@id\":\"https:\\\/\\\/scanda.com.mx\\\/elearning-y-lms-para-escalar-una-estrategia-de-formacion\\\/#primaryimage\",\"url\":\"https:\\\/\\\/scanda.com.mx\\\/wp-content\\\/uploads\\\/2025\\\/08\\\/Universidad-Corporativa.webp\",\"contentUrl\":\"https:\\\/\\\/scanda.com.mx\\\/wp-content\\\/uploads\\\/2025\\\/08\\\/Universidad-Corporativa.webp\",\"width\":1200,\"height\":773},{\"@type\":\"BreadcrumbList\",\"@id\":\"https:\\\/\\\/scanda.com.mx\\\/elearning-y-lms-para-escalar-una-estrategia-de-formacion\\\/#breadcrumb\",\"itemListElement\":[{\"@type\":\"ListItem\",\"position\":1,\"name\":\"Portada\",\"item\":\"https:\\\/\\\/scanda.com.mx\\\/\"},{\"@type\":\"ListItem\",\"position\":2,\"name\":\"eLearning y LMS para escalar una estrategia de formaci\u00f3n\"}]},{\"@type\":\"WebSite\",\"@id\":\"https:\\\/\\\/scanda.com.mx\\\/#website\",\"url\":\"https:\\\/\\\/scanda.com.mx\\\/\",\"name\":\"Scanda\",\"description\":\"\",\"potentialAction\":[{\"@type\":\"SearchAction\",\"target\":{\"@type\":\"EntryPoint\",\"urlTemplate\":\"https:\\\/\\\/scanda.com.mx\\\/?s={search_term_string}\"},\"query-input\":{\"@type\":\"PropertyValueSpecification\",\"valueRequired\":true,\"valueName\":\"search_term_string\"}}],\"inLanguage\":\"en-US\"},{\"@type\":\"Person\",\"@id\":\"https:\\\/\\\/scanda.com.mx\\\/#\\\/schema\\\/person\\\/5de32214f1dc3d828d544f5de171f497\",\"name\":\"Brenda Mendozaa\",\"image\":{\"@type\":\"ImageObject\",\"inLanguage\":\"en-US\",\"@id\":\"https:\\\/\\\/secure.gravatar.com\\\/avatar\\\/3141d5dc39ac86aa59e95e7149010366ccb7b262752d4b8314b262a0fbe25ab3?s=96&d=mm&r=g\",\"url\":\"https:\\\/\\\/secure.gravatar.com\\\/avatar\\\/3141d5dc39ac86aa59e95e7149010366ccb7b262752d4b8314b262a0fbe25ab3?s=96&d=mm&r=g\",\"contentUrl\":\"https:\\\/\\\/secure.gravatar.com\\\/avatar\\\/3141d5dc39ac86aa59e95e7149010366ccb7b262752d4b8314b262a0fbe25ab3?s=96&d=mm&r=g\",\"caption\":\"Brenda Mendozaa\"},\"url\":\"https:\\\/\\\/scanda.com.mx\\\/en\\\/author\\\/brenda_segunda\\\/\"}]}<\/script>\n<!-- \/ Yoast SEO plugin. -->","yoast_head_json":{"title":"eLearning and LMS to scale a training strategy - Scanda","robots":{"index":"index","follow":"follow","max-snippet":"max-snippet:-1","max-image-preview":"max-image-preview:large","max-video-preview":"max-video-preview:-1"},"canonical":"https:\/\/scanda.com.mx\/en\/elearning-and-lms-to-scale-up-a-training-strategy\/","og_locale":"en_US","og_type":"article","og_title":"eLearning y LMS para escalar una estrategia de formaci\u00f3n - Scanda","og_description":"Una destacada empresa del sector inmobiliario, con un fuerte enfoque en expansi\u00f3n territorial y cultura de innovaci\u00f3n, enfrentaba un reto com\u00fan entre organizaciones en crecimiento acelerado: c\u00f3mo asegurar una experiencia de formaci\u00f3n homog\u00e9nea, escalable y centrada en el negocio para todos sus colaboradores. El modelo de capacitaci\u00f3n tradicional \u2014presencial, sin trazabilidad y poco estandarizado\u2014 generaba [&hellip;]","og_url":"https:\/\/scanda.com.mx\/en\/elearning-and-lms-to-scale-up-a-training-strategy\/","og_site_name":"Scanda","article_published_time":"2025-08-28T14:29:36+00:00","article_modified_time":"2026-04-14T01:08:38+00:00","og_image":[{"width":1200,"height":773,"url":"https:\/\/scanda.com.mx\/wp-content\/uploads\/2025\/08\/Universidad-Corporativa.webp","type":"image\/webp"}],"author":"Brenda Mendozaa","twitter_card":"summary_large_image","twitter_misc":{"Written by":"Brenda Mendozaa","Est. reading time":"3 minutes"},"schema":{"@context":"https:\/\/schema.org","@graph":[{"@type":"Article","@id":"https:\/\/scanda.com.mx\/elearning-y-lms-para-escalar-una-estrategia-de-formacion\/#article","isPartOf":{"@id":"https:\/\/scanda.com.mx\/elearning-y-lms-para-escalar-una-estrategia-de-formacion\/"},"author":{"name":"Brenda Mendozaa","@id":"https:\/\/scanda.com.mx\/#\/schema\/person\/5de32214f1dc3d828d544f5de171f497"},"headline":"eLearning y LMS para escalar una estrategia de formaci\u00f3n","datePublished":"2025-08-28T14:29:36+00:00","dateModified":"2026-04-14T01:08:38+00:00","mainEntityOfPage":{"@id":"https:\/\/scanda.com.mx\/elearning-y-lms-para-escalar-una-estrategia-de-formacion\/"},"wordCount":1196,"image":{"@id":"https:\/\/scanda.com.mx\/elearning-y-lms-para-escalar-una-estrategia-de-formacion\/#primaryimage"},"thumbnailUrl":"https:\/\/scanda.com.mx\/wp-content\/uploads\/2025\/08\/Universidad-Corporativa.webp","articleSection":["Casos de \u00e9xito"],"inLanguage":"en-US"},{"@type":"WebPage","@id":"https:\/\/scanda.com.mx\/elearning-y-lms-para-escalar-una-estrategia-de-formacion\/","url":"https:\/\/scanda.com.mx\/elearning-y-lms-para-escalar-una-estrategia-de-formacion\/","name":"eLearning and LMS to scale a training strategy - Scanda","isPartOf":{"@id":"https:\/\/scanda.com.mx\/#website"},"primaryImageOfPage":{"@id":"https:\/\/scanda.com.mx\/elearning-y-lms-para-escalar-una-estrategia-de-formacion\/#primaryimage"},"image":{"@id":"https:\/\/scanda.com.mx\/elearning-y-lms-para-escalar-una-estrategia-de-formacion\/#primaryimage"},"thumbnailUrl":"https:\/\/scanda.com.mx\/wp-content\/uploads\/2025\/08\/Universidad-Corporativa.webp","datePublished":"2025-08-28T14:29:36+00:00","dateModified":"2026-04-14T01:08:38+00:00","author":{"@id":"https:\/\/scanda.com.mx\/#\/schema\/person\/5de32214f1dc3d828d544f5de171f497"},"breadcrumb":{"@id":"https:\/\/scanda.com.mx\/elearning-y-lms-para-escalar-una-estrategia-de-formacion\/#breadcrumb"},"inLanguage":"en-US","potentialAction":[{"@type":"ReadAction","target":["https:\/\/scanda.com.mx\/elearning-y-lms-para-escalar-una-estrategia-de-formacion\/"]}]},{"@type":"ImageObject","inLanguage":"en-US","@id":"https:\/\/scanda.com.mx\/elearning-y-lms-para-escalar-una-estrategia-de-formacion\/#primaryimage","url":"https:\/\/scanda.com.mx\/wp-content\/uploads\/2025\/08\/Universidad-Corporativa.webp","contentUrl":"https:\/\/scanda.com.mx\/wp-content\/uploads\/2025\/08\/Universidad-Corporativa.webp","width":1200,"height":773},{"@type":"BreadcrumbList","@id":"https:\/\/scanda.com.mx\/elearning-y-lms-para-escalar-una-estrategia-de-formacion\/#breadcrumb","itemListElement":[{"@type":"ListItem","position":1,"name":"Portada","item":"https:\/\/scanda.com.mx\/"},{"@type":"ListItem","position":2,"name":"eLearning y LMS para escalar una estrategia de formaci\u00f3n"}]},{"@type":"WebSite","@id":"https:\/\/scanda.com.mx\/#website","url":"https:\/\/scanda.com.mx\/","name":"Scanda","description":"","potentialAction":[{"@type":"SearchAction","target":{"@type":"EntryPoint","urlTemplate":"https:\/\/scanda.com.mx\/?s={search_term_string}"},"query-input":{"@type":"PropertyValueSpecification","valueRequired":true,"valueName":"search_term_string"}}],"inLanguage":"en-US"},{"@type":"Person","@id":"https:\/\/scanda.com.mx\/#\/schema\/person\/5de32214f1dc3d828d544f5de171f497","name":"Brenda Mendozaa","image":{"@type":"ImageObject","inLanguage":"en-US","@id":"https:\/\/secure.gravatar.com\/avatar\/3141d5dc39ac86aa59e95e7149010366ccb7b262752d4b8314b262a0fbe25ab3?s=96&d=mm&r=g","url":"https:\/\/secure.gravatar.com\/avatar\/3141d5dc39ac86aa59e95e7149010366ccb7b262752d4b8314b262a0fbe25ab3?s=96&d=mm&r=g","contentUrl":"https:\/\/secure.gravatar.com\/avatar\/3141d5dc39ac86aa59e95e7149010366ccb7b262752d4b8314b262a0fbe25ab3?s=96&d=mm&r=g","caption":"Brenda Mendozaa"},"url":"https:\/\/scanda.com.mx\/en\/author\/brenda_segunda\/"}]}},"_links":{"self":[{"href":"https:\/\/scanda.com.mx\/en\/wp-json\/wp\/v2\/posts\/342890","targetHints":{"allow":["GET"]}}],"collection":[{"href":"https:\/\/scanda.com.mx\/en\/wp-json\/wp\/v2\/posts"}],"about":[{"href":"https:\/\/scanda.com.mx\/en\/wp-json\/wp\/v2\/types\/post"}],"author":[{"embeddable":true,"href":"https:\/\/scanda.com.mx\/en\/wp-json\/wp\/v2\/users\/4"}],"replies":[{"embeddable":true,"href":"https:\/\/scanda.com.mx\/en\/wp-json\/wp\/v2\/comments?post=342890"}],"version-history":[{"count":8,"href":"https:\/\/scanda.com.mx\/en\/wp-json\/wp\/v2\/posts\/342890\/revisions"}],"predecessor-version":[{"id":343036,"href":"https:\/\/scanda.com.mx\/en\/wp-json\/wp\/v2\/posts\/342890\/revisions\/343036"}],"wp:featuredmedia":[{"embeddable":true,"href":"https:\/\/scanda.com.mx\/en\/wp-json\/wp\/v2\/media\/343031"}],"wp:attachment":[{"href":"https:\/\/scanda.com.mx\/en\/wp-json\/wp\/v2\/media?parent=342890"}],"wp:term":[{"taxonomy":"category","embeddable":true,"href":"https:\/\/scanda.com.mx\/en\/wp-json\/wp\/v2\/categories?post=342890"},{"taxonomy":"post_tag","embeddable":true,"href":"https:\/\/scanda.com.mx\/en\/wp-json\/wp\/v2\/tags?post=342890"}],"curies":[{"name":"wp","href":"https:\/\/api.w.org\/{rel}","templated":true}]}}